{"id":1,"date":"2021-07-07T23:48:09","date_gmt":"2021-07-07T23:48:09","guid":{"rendered":"https:\/\/redi.jalisco.gob.mx\/blog\/?p=1"},"modified":"2021-10-07T04:07:40","modified_gmt":"2021-10-07T04:07:40","slug":"programa-faro","status":"publish","type":"post","link":"https:\/\/redi.jalisco.gob.mx\/blog\/programa-faro\/","title":{"rendered":"Arranca en REDi Programa Faro de Impulso a Empresas y Emprendimientos"},"content":{"rendered":"\r\n<h6 id=\"inicia-con-491-personas-beneficiadas-que-tomaran-el-programa-en-la-red-de-centros-de-innovacion-redi-y-en-otras-cinco-sedes-de-jalisco\" class=\"views-field views-field-field-sinopsis page-notices-single__sinopsis\"><em class=\"field-content\">Inicia con 491 personas beneficiadas que tomar\u00e1n el programa en la Red de Centros de Innovaci\u00f3n (REDi) y en otras cinco sedes de Jalisco.<\/em><\/h6>\r\n<hr \/>\r\n<div class=\"views-field views-field-body\">\r\n<div class=\"field-content\">\r\n<p>Con un total de 491 beneficiarios inici\u00f3 actividades el Programa FARO, Fortalecimiento para la Innovaci\u00f3n, que lanz\u00f3 la Secretar\u00eda de Innovaci\u00f3n, Ciencia y Tecnolog\u00eda de Jalisco (SICyT), a trav\u00e9s de su Direcci\u00f3n General de Innovaci\u00f3n, Desarrollo Empresarial y Social para contribuir a la consolidaci\u00f3n, fortalecimiento e impulso de empresas y emprendimientos de cualquier sector econ\u00f3mico de Jalisco.\u00a0<br \/>\u00a0<br \/>\u201cEn la escuela nos ense\u00f1an el contenido t\u00e9cnico de nuestra carrera pero no nos ense\u00f1an todo lo dem\u00e1s, para eso estamos trabajando en la Secretar\u00eda de Innovaci\u00f3n Ciencia y Tecnolog\u00eda\u201d, coment\u00f3 Alfonso Pompa, titular de la SICyT, durante su mensaje a la primera generaci\u00f3n de beneficiarios del programa FARO.<br \/>\u00a0<br \/>El programa, que consiste en cursos de capacitaci\u00f3n, acompa\u00f1amiento personalizado, aceleraci\u00f3n y ciclos de eventos de cultura de innovaci\u00f3n, se llevar\u00e1 a cabo en la Red de Centros de Innovaci\u00f3n (REDi) del \u00c1rea Metropolitana de Guadalajara, Ocotl\u00e1n y Zapotl\u00e1n el Grande, as\u00ed como en otras sedes en Zapotlanejo, Cocula, Arandas, Tamazula y Mascota.\u00a0<br \/>\u00a0<br \/>\u201cA FARO lo conceptualizamos como los programas de acompa\u00f1amiento personalizado de incubaci\u00f3n, aceleraci\u00f3n y eventos de innovaci\u00f3n dentro del marco de los REDi. Lo que buscamos con los REDi es que sea un espacio donde podamos generar ecosistemas no nada m\u00e1s en el AMG sino en cada una de las regiones\u201d, explic\u00f3 Nora Martin Galindo, directora general de Innovaci\u00f3n, Desarrollo\u00a0 Empresarial y Social de la SICyT.<br \/>\u00a0<br \/>Durante este primer corte de beneficiarios se otorgaron 163 becas para capacitaci\u00f3n en emprendimiento y 75 para capacitaci\u00f3n de mipymes; 95 becas para aceleraci\u00f3n de startups y 55 para mipymes as\u00ed como 105 becas para asistir a eventos de cultura de innovaci\u00f3n.<br \/>\u00a0<br \/>\u00a0<br \/>El programa contempla la entrega de un total de mil 900 becas en cuatro cortes que se llevar\u00e1n a cabo cada dos semanas. Por modalidad, ser\u00e1n mil 150 en la Modalidad A para la capacitaci\u00f3n y acompa\u00f1amiento de personas emprendedoras; 250 para la Modalidad B que busca acelerar a 150 startups y cien mipymes y 500 becas para la Modalidad C, dirigida a estudiantes universitarios y personas con ideas de emprendimiento con el fin de que participen en alguno de los ocho eventos de cultura de innovaci\u00f3n que se realizar\u00e1n entre septiembre y noviembre de este a\u00f1o.<br \/>\u00a0<br \/>\u201cLo que estamos buscando no es nada m\u00e1s una transmisi\u00f3n de conocimiento sino que en funci\u00f3n de lo que se quiere lograr, vamos a hacer que esto genere un nuevo reto, una nueva empresa\u201d, mencion\u00f3 Salvador Paz, fundador y director de Fondify, que representa al consorcio de las siete organizaciones que ejecutan el programa FARO.<br \/>\u00a0<br \/>La convocatoria del programa contin\u00faa abierta hasta el 31 de octubre de 2021 o hasta agotarse el total de becas. Para mayor informaci\u00f3n: gobjal.mx\/FARO<\/p>\r\n<\/div>\r\n<\/div>\r\n","protected":false},"excerpt":{"rendered":"Inicia con 491 personas beneficiadas que tomar\u00e1n el programa en la Red de Centros de Innovaci\u00f3n (REDi) y&hellip;\n","protected":false},"author":1,"featured_media":641,"comment_status":"open","ping_status":"open","sticky":false,"template":"","format":"standard","meta":{"footnotes":""},"categories":[14,13],"tags":[],"class_list":{"0":"post-1","1":"post","2":"type-post","3":"status-publish","4":"format-standard","5":"has-post-thumbnail","7":"category-destacado","8":"category-noticias"},"_links":{"self":[{"href":"https:\/\/redi.jalisco.gob.mx\/blog\/wp-json\/wp\/v2\/posts\/1","targetHints":{"allow":["GET"]}}],"collection":[{"href":"https:\/\/redi.jalisco.gob.mx\/blog\/wp-json\/wp\/v2\/posts"}],"about":[{"href":"https:\/\/redi.jalisco.gob.mx\/blog\/wp-json\/wp\/v2\/types\/post"}],"author":[{"embeddable":true,"href":"https:\/\/redi.jalisco.gob.mx\/blog\/wp-json\/wp\/v2\/users\/1"}],"replies":[{"embeddable":true,"href":"https:\/\/redi.jalisco.gob.mx\/blog\/wp-json\/wp\/v2\/comments?post=1"}],"version-history":[{"count":3,"href":"https:\/\/redi.jalisco.gob.mx\/blog\/wp-json\/wp\/v2\/posts\/1\/revisions"}],"predecessor-version":[{"id":640,"href":"https:\/\/redi.jalisco.gob.mx\/blog\/wp-json\/wp\/v2\/posts\/1\/revisions\/640"}],"wp:featuredmedia":[{"embeddable":true,"href":"https:\/\/redi.jalisco.gob.mx\/blog\/wp-json\/wp\/v2\/media\/641"}],"wp:attachment":[{"href":"https:\/\/redi.jalisco.gob.mx\/blog\/wp-json\/wp\/v2\/media?parent=1"}],"wp:term":[{"taxonomy":"category","embeddable":true,"href":"https:\/\/redi.jalisco.gob.mx\/blog\/wp-json\/wp\/v2\/categories?post=1"},{"taxonomy":"post_tag","embeddable":true,"href":"https:\/\/redi.jalisco.gob.mx\/blog\/wp-json\/wp\/v2\/tags?post=1"}],"curies":[{"name":"wp","href":"https:\/\/api.w.org\/{rel}","templated":true}]}}